{"id":18015,"date":"2025-07-03T09:27:08","date_gmt":"2025-07-03T07:27:08","guid":{"rendered":"https:\/\/four-ephrem.com\/ardent-una-cena-gourmet-intorno-al-fuoco-per-celebrare-il-giorno-di-mezza-estate-e-il-50-anniversario-di-ephrem\/"},"modified":"2026-01-20T13:57:44","modified_gmt":"2026-01-20T12:57:44","slug":"ardent-una-cena-gourmet-intorno-al-fuoco-per-celebrare-il-giorno-di-mezza-estate-e-il-50-anniversario-di-ephrem","status":"publish","type":"post","link":"https:\/\/four-ephrem.com\/it\/ardent-una-cena-gourmet-intorno-al-fuoco-per-celebrare-il-giorno-di-mezza-estate-e-il-50-anniversario-di-ephrem\/","title":{"rendered":"ARDENT &#8211; Una cena gourmet intorno al fuoco per celebrare il giorno di mezza estate e il 50\u00b0 anniversario di Ephrem."},"content":{"rendered":"\n<h2 class=\"wp-block-heading\"><\/h2>\n<div class=\"wp-block-image\">\n<figure class=\"aligncenter size-large\"><img decoding=\"async\" width=\"1024\" height=\"576\" src=\"https:\/\/four-ephrem.com\/wp-content\/uploads\/2025\/07\/ardent-00621-1024x576.jpg\" alt=\"\" class=\"wp-image-17223\" srcset=\"https:\/\/four-ephrem.com\/wp-content\/uploads\/2025\/07\/ardent-00621-1024x576.jpg 1024w, https:\/\/four-ephrem.com\/wp-content\/uploads\/2025\/07\/ardent-00621-800x450.jpg 800w, https:\/\/four-ephrem.com\/wp-content\/uploads\/2025\/07\/ardent-00621-768x432.jpg 768w, https:\/\/four-ephrem.com\/wp-content\/uploads\/2025\/07\/ardent-00621-1536x864.jpg 1536w, https:\/\/four-ephrem.com\/wp-content\/uploads\/2025\/07\/ardent-00621-scaled.jpg 2048w, https:\/\/four-ephrem.com\/wp-content\/uploads\/2025\/07\/ardent-00621-300x169.jpg 300w, https:\/\/four-ephrem.com\/wp-content\/uploads\/2025\/07\/ardent-00621-600x338.jpg 600w\" sizes=\"(max-width: 1024px) 100vw, 1024px\" \/><\/figure>\n<\/div>\n<div style=\"height:100px\" aria-hidden=\"true\" class=\"wp-block-spacer\"><\/div>\n\n<h3 class=\"wp-block-heading\">Il 24 giugno 2025, la fabbrica Ephrem ha ospitato una serata eccezionale: <strong>ARDENT &#8211; Atto I<\/strong>, una cena gourmet a legna che ha infiammato i sensi, i cuori e le menti. Pi\u00f9 che un semplice pasto, questa prima edizione di<strong>ARDENT<\/strong> \u00e8 stata una celebrazione della tradizione, del gusto, del fuoco e della condivisione. <\/h3>\n\n<div style=\"height:100px\" aria-hidden=\"true\" class=\"wp-block-spacer\"><\/div>\n\n<h2 class=\"wp-block-heading\">Una prima edizione ricca di promesse<\/h2>\n\n<p>In occasione della festa di San Giovanni e del cinquantesimo anniversario dell&#8217;azienda, abbiamo voluto lasciare un segno indelebile con un evento del tutto nuovo. Nel cuore dei nostri laboratori a Villeneuve, nelle Alpi dell&#8217;Alta Provenza, i nostri forni a legna <strong>\n  <a href=\"https:\/\/four-ephrem.com\/it\/forni-a-legna-privati\/les-flambeurs\/\" data-type=\"link\" data-id=\"https:\/\/four-ephrem.com\/fours-domestiques\/le-flambeur\/\">Les Flambeurs<\/a>\n<\/strong> sono stati lo scenario di un balletto culinario orchestrato da tre chef appassionati: <strong>\n  <a href=\"https:\/\/www.instagram.com\/emmanuelperrodin\/?hl=fr\">Emmanuel Perrodin<\/a>\n<\/strong>, <strong>\n  <a href=\"https:\/\/www.instagram.com\/papydiaz\/?hl=fr\">Julien Diaz<\/a>\n<\/strong> e <strong>\n  <a href=\"https:\/\/www.instagram.com\/pichotome\/\">Manu Barth\u00e9l\u00e9my<\/a>\n<\/strong>. <\/p>\n\n<p>La sfida? Creare un menu di cinque portate, cucinato al 100% in un forno a legna. Si \u00e8 trattato di un&#8217;impresa tanto tecnica quanto artistica, valorizzata dall&#8217;uso di ingredienti locali e di stagione e da tecniche di cottura sapientemente studiate.  <\/p>\n\n<div style=\"height:100px\" aria-hidden=\"true\" class=\"wp-block-spacer\"><\/div>\n\n<h2 class=\"wp-block-heading\">Il fuoco come filo conduttore<\/h2>\n\n<div class=\"wp-block-media-text has-media-on-the-right is-stacked-on-mobile\"><div class=\"wp-block-media-text__content\">\n<p class=\"has-text-align-left\">Dal pane alla carne, dalle verdure ai dolci, ogni piatto ha reso omaggio alla potenza e alla poesia del fuoco. Gli chef hanno fatto danzare le braci e le fiamme per offrire agli ospiti un&#8217;esperienza sensoriale unica, combinando odori di legno, consistenze fumose e sapori semplici. <\/p>\n\n\n\n<p class=\"has-text-align-left\">Per accompagnare questo banchetto: una selezione di <strong>vini vivaci<\/strong> e <strong>naturali<\/strong> scelti da <strong>\n  <a href=\"https:\/\/www.instagram.com\/lauraaillaud_luberon\/\">Laura Aillaud<\/a>\n<\/strong>il <strong>\n  <a href=\"https:\/\/domainedesbergeries.fr\/\">Domaine des Bergeries de Haute-Provence<\/a>\n<\/strong>. Un mix perfetto di terroir, autenticit\u00e0 e spirito di festa. <\/p>\n\n\n\n<p class=\"has-text-align-left\"><\/p>\n<\/div><figure class=\"wp-block-media-text__media\"><img decoding=\"async\" width=\"1024\" height=\"576\" src=\"https:\/\/four-ephrem.com\/wp-content\/uploads\/2025\/07\/ardent-00517-1024x576.jpg\" alt=\"\" class=\"wp-image-17197 size-full\" srcset=\"https:\/\/four-ephrem.com\/wp-content\/uploads\/2025\/07\/ardent-00517-1024x576.jpg 1024w, https:\/\/four-ephrem.com\/wp-content\/uploads\/2025\/07\/ardent-00517-800x450.jpg 800w, https:\/\/four-ephrem.com\/wp-content\/uploads\/2025\/07\/ardent-00517-768x432.jpg 768w, https:\/\/four-ephrem.com\/wp-content\/uploads\/2025\/07\/ardent-00517-1536x864.jpg 1536w, https:\/\/four-ephrem.com\/wp-content\/uploads\/2025\/07\/ardent-00517-scaled.jpg 2048w, https:\/\/four-ephrem.com\/wp-content\/uploads\/2025\/07\/ardent-00517-300x169.jpg 300w, https:\/\/four-ephrem.com\/wp-content\/uploads\/2025\/07\/ardent-00517-600x338.jpg 600w\" sizes=\"(max-width: 1024px) 100vw, 1024px\" \/><\/figure><\/div>\n\n<div style=\"height:100px\" aria-hidden=\"true\" class=\"wp-block-spacer\"><\/div>\n\n<h2 class=\"wp-block-heading\">Un&#8217;immersione artistica e conviviale<\/h2>\n\n<div class=\"wp-block-media-text is-stacked-on-mobile\"><figure class=\"wp-block-media-text__media\"><img decoding=\"async\" width=\"1024\" height=\"576\" src=\"https:\/\/four-ephrem.com\/wp-content\/uploads\/2025\/07\/image-2025-07-01-154432_1.48.1-1024x576.jpg\" alt=\"\" class=\"wp-image-17203 size-full\" srcset=\"https:\/\/four-ephrem.com\/wp-content\/uploads\/2025\/07\/image-2025-07-01-154432_1.48.1-1024x576.jpg 1024w, https:\/\/four-ephrem.com\/wp-content\/uploads\/2025\/07\/image-2025-07-01-154432_1.48.1-800x450.jpg 800w, https:\/\/four-ephrem.com\/wp-content\/uploads\/2025\/07\/image-2025-07-01-154432_1.48.1-768x432.jpg 768w, https:\/\/four-ephrem.com\/wp-content\/uploads\/2025\/07\/image-2025-07-01-154432_1.48.1-1536x864.jpg 1536w, https:\/\/four-ephrem.com\/wp-content\/uploads\/2025\/07\/image-2025-07-01-154432_1.48.1-300x169.jpg 300w, https:\/\/four-ephrem.com\/wp-content\/uploads\/2025\/07\/image-2025-07-01-154432_1.48.1-600x338.jpg 600w, https:\/\/four-ephrem.com\/wp-content\/uploads\/2025\/07\/image-2025-07-01-154432_1.48.1.jpg 1920w\" sizes=\"(max-width: 1024px) 100vw, 1024px\" \/><\/figure><div class=\"wp-block-media-text__content\">\n<p>La serata \u00e8 stata scandita dalle voci incantate dei cantori di <strong>Cor de la Plana<\/strong>, un ex gruppo emblematico di cantanti polifonici occitani, accompagnati da <strong>\n  <a href=\"https:\/\/www.instagram.com\/raphaelimbertmusique\/\">Rapha\u00ebl Imbert<\/a>\n<\/strong>famoso sassofonista jazz. Le loro voci potenti e vibranti hanno avvolto lo spazio in un&#8217;autentica energia collettiva.   <\/p>\n\n\n\n<p>Intorno ai lunghi tavoli allestiti all&#8217;interno della fabbrica, i 135 ospiti hanno condiviso molto pi\u00f9 di un pasto: \u00e8 stato un momento di comunione, di calore umano e di celebrazione del fuoco in tutto ci\u00f2 che rappresenta.<\/p>\n<\/div><\/div>\n\n<div style=\"height:100px\" aria-hidden=\"true\" class=\"wp-block-spacer\"><\/div>\n\n<h2 class=\"wp-block-heading\">Successo condiviso<\/h2>\n\n<p>Questo primo <strong>atto di ARDENT<\/strong> non sarebbe stato possibile senza il coinvolgimento dei nostri partner, volontari, artisti, chef, produttori di vino e ospiti. La loro presenza e partecipazione hanno reso questa serata un successo collettivo e una promessa per il futuro. <\/p>\n\n<div style=\"height:72px\" aria-hidden=\"true\" class=\"wp-block-spacer\"><\/div>\n\n<figure class=\"wp-block-image size-large\"><img decoding=\"async\" width=\"1024\" height=\"78\" src=\"https:\/\/four-ephrem.com\/wp-content\/uploads\/2025\/07\/image1-1024x78.png\" alt=\"\" class=\"wp-image-17205\" srcset=\"https:\/\/four-ephrem.com\/wp-content\/uploads\/2025\/07\/image1-1024x78.png 1024w, https:\/\/four-ephrem.com\/wp-content\/uploads\/2025\/07\/image1-800x61.png 800w, https:\/\/four-ephrem.com\/wp-content\/uploads\/2025\/07\/image1-768x59.png 768w, https:\/\/four-ephrem.com\/wp-content\/uploads\/2025\/07\/image1-300x23.png 300w, https:\/\/four-ephrem.com\/wp-content\/uploads\/2025\/07\/image1-600x46.png 600w, https:\/\/four-ephrem.com\/wp-content\/uploads\/2025\/07\/image1.png 1280w\" sizes=\"(max-width: 1024px) 100vw, 1024px\" \/><\/figure>\n\n<div style=\"height:72px\" aria-hidden=\"true\" class=\"wp-block-spacer\"><\/div>\n\n<p>Desideriamo estendere i nostri pi\u00f9 sentiti ringraziamenti ai nostri fedeli partner che ci hanno sostenuto in questa avventura: <a href=\"https:\/\/blachere-illumination.com\/\">Blach\u00e8re Illumination<\/a>, <a href=\"https:\/\/www.distilleries-provence.com\/fr\/\">Distilleries et Domaines de Provence<\/a>, <a href=\"https:\/\/www.fromagerie-banon.fr\/\">Fromagerie de Banon<\/a>, <a href=\"https:\/\/www.pistaches.com\/\">La Maison de la Pistache<\/a>, Substance\/s, <a href=\"https:\/\/www.terredoc.com\/fr\/?srsltid=AfmBOorHaCfOqzliTn5DocnPEOd2eB9dY3ERH-5L-sf6c0p70kfrDRnC\">Terre d&#8217;Oc<\/a>, <a href=\"https:\/\/www.territoire-provence.com\/\">Groupe Territoire de Provence<\/a>.<\/p>\n\n<div style=\"height:100px\" aria-hidden=\"true\" class=\"wp-block-spacer\"><\/div>\n\n<h2 class=\"wp-block-heading\">Ci vediamo nel 2026 per il secondo atto<\/h2>\n\n<p>ARDENT \u00e8 appena iniziata. Questa cena, concepita come evento annuale, torner\u00e0 nel 2026 con un nuovo tema, nuovi chef e sempre la stessa ambizione: celebrare la cucina a legna, una cucina tradizionale che attrae tanto quanto unisce le persone. <\/p>\n\n<p>\ud83d\udcf8 Per rivivere la serata in immagini:<\/p>\n\n<ul class=\"wp-block-list\">\n<li><a class=\"\" href=\"https:\/\/www.facebook.com\/fourephrem\">Guarda la galleria su Facebook<\/a><\/li>\n\n\n\n<li><a href=\"https:\/\/www.instagram.com\/ephrem_fusion\/\">Unisciti al nostro instagram<\/a><\/li>\n\n\n\n<li><a class=\"\" href=\"https:\/\/www.laprovence.com\/article\/region\/1204389326076515\/villeneuve-un-diner-gastronomique-au-feu-de-bois-pour-saluer-la-saint-jean\">Leggi l&#8217;articolo su questo evento in <em>La Provence<\/em><\/a> <\/li>\n<\/ul>\n\n<hr class=\"wp-block-separator has-alpha-channel-opacity\" \/>\n\n<p><strong>A presto per il resto di questa infuocata avventura. \ud83d\udd25<\/strong><br \/><em>Il team Ephrem<\/em><\/p>\n\n<p><\/p>\n","protected":false},"excerpt":{"rendered":"<p>Il 24 giugno 2025, la fabbrica Ephrem ha ospitato una serata eccezionale: ARDENT &#8211; Atto I, una cena gourmet a legna che ha infiammato i sensi, i cuori e le menti. Pi\u00f9 che un semplice pasto, questa prima edizione diARDENT \u00e8 stata una celebrazione della tradizione, del gusto, del fuoco [&hellip;]<\/p>\n","protected":false},"author":490,"featured_media":18017,"comment_status":"closed","ping_status":"open","sticky":false,"template":"","format":"standard","meta":{"_acf_changed":false,"_seopress_robots_primary_cat":"none","_seopress_titles_title":"ARDENT - Una cena gourmet intorno al fuoco per celebrare il giorno di mezza estate e il 50\u00b0 anniversario di Ephrem.","_seopress_titles_desc":"Il 24 giugno 2025, la fabbrica Ephrem ha ospitato una serata eccezionale: ARDENT - Atto I, una cena gourmet a legna che ha infiammato i sensi, i cuori e le menti. Pi\u00f9 che un semplice pasto, questa prima edizione di ARDENT \u00e8 stata una celebrazione della tradizione, del gusto, del fuoco e della condivisione. Nel cuore dei nostri laboratori di Villeneuve, nelle Alpi dell'Alta Provenza, i forni a legna Les Flambeurs sono stati il palcoscenico di un balletto culinario orchestrato da tre chef appassionati: Emmanuel Perrodin, Julien Diaz e Manu Barth\u00e9l\u00e9my.  ","_seopress_robots_index":"","footnotes":""},"categories":[683,684,581],"tags":[686,687,685,688],"class_list":{"0":"post-18015","1":"post","2":"type-post","3":"status-publish","4":"format-standard","5":"has-post-thumbnail","7":"category-eventi","8":"category-produzione","9":"category-senza-categoria","10":"tag-ardente","11":"tag-cena-gourmet","12":"tag-forno-a-legna","13":"tag-notizie"},"acf":[],"_links":{"self":[{"href":"https:\/\/four-ephrem.com\/it\/wp-json\/wp\/v2\/posts\/18015","targetHints":{"allow":["GET"]}}],"collection":[{"href":"https:\/\/four-ephrem.com\/it\/wp-json\/wp\/v2\/posts"}],"about":[{"href":"https:\/\/four-ephrem.com\/it\/wp-json\/wp\/v2\/types\/post"}],"author":[{"embeddable":true,"href":"https:\/\/four-ephrem.com\/it\/wp-json\/wp\/v2\/users\/490"}],"replies":[{"embeddable":true,"href":"https:\/\/four-ephrem.com\/it\/wp-json\/wp\/v2\/comments?post=18015"}],"version-history":[{"count":3,"href":"https:\/\/four-ephrem.com\/it\/wp-json\/wp\/v2\/posts\/18015\/revisions"}],"predecessor-version":[{"id":19251,"href":"https:\/\/four-ephrem.com\/it\/wp-json\/wp\/v2\/posts\/18015\/revisions\/19251"}],"wp:featuredmedia":[{"embeddable":true,"href":"https:\/\/four-ephrem.com\/it\/wp-json\/wp\/v2\/media\/18017"}],"wp:attachment":[{"href":"https:\/\/four-ephrem.com\/it\/wp-json\/wp\/v2\/media?parent=18015"}],"wp:term":[{"taxonomy":"category","embeddable":true,"href":"https:\/\/four-ephrem.com\/it\/wp-json\/wp\/v2\/categories?post=18015"},{"taxonomy":"post_tag","embeddable":true,"href":"https:\/\/four-ephrem.com\/it\/wp-json\/wp\/v2\/tags?post=18015"}],"curies":[{"name":"wp","href":"https:\/\/api.w.org\/{rel}","templated":true}]}}